{"id":108,"date":"2013-12-27T23:52:33","date_gmt":"2013-12-27T22:52:33","guid":{"rendered":"https:\/\/boumanstudios.com\/blog\/?p=108"},"modified":"2025-12-26T23:40:41","modified_gmt":"2025-12-26T22:40:41","slug":"repaso-del-2013","status":"publish","type":"post","link":"https:\/\/boumanstudios.com\/blog\/querido-diario\/repaso-del-2013\/","title":{"rendered":"Repaso del 2013"},"content":{"rendered":"<p>Un repaso que realizo desde el 2008 y que cada vez me cuesta m\u00e1s, este en especial me ha costado d\u00edas ponerme y sobre todo acabarlo, 2013 ha sido un a\u00f1o complicado en muchos aspectos. Lo empec\u00e9 con energ\u00eda, pens\u00e9 que ser\u00eda un a\u00f1o en que saldr\u00eda del declive profesional, sin embargo sigo manteni\u00e9ndome en la misma l\u00ednea. Sin empleo y con mis propias historias para sobrevivir.<\/p>\n<p><strong>El a\u00f1o de&#8230;<br \/>\n<\/strong>Principalmente 2013 ha sido una persona, persona por la que me desboqu\u00e9 y por la que\u00a0ahora me siento despreciado. A lo sumo fueron solo 5-6 meses, sin embargo para m\u00ed fue muy importante.\u00a0Que la persona con la que m\u00e1s tiempo has pasado en todo el a\u00f1o no quiera saber nada de ti, duele.<\/p>\n<p><strong>Proyectos:<br \/>\n<\/strong>Underbrain, se mantiene con esfuerzo y alguna que otra alegr\u00eda ha dado. Ya hice un balance aqu\u00ed,\u00a0<a href=\"https:\/\/www.underbrain.com\/360\/repaso-del-2013\/\">enlace.<br \/>\n<\/a>Underbrain books, sin duda ha crecido. En abril hizo su primer a\u00f1o de vida. Al final de a\u00f1o hab\u00eda editado cinco t\u00edtulos realizando presentaciones que me ha llevado a ciudades nuevas como Murcia, Bilbao o Granada; adem\u00e1s de permitirme conocer a grandes personas como han sido los autores.<br \/>\nAudiovisuales, salvo para realizar las promociones de <em>Contrafabulario ilustrado<\/em> y <em>Vloggers now! 2<\/em>, y un proyecto fallido de conversaciones grabadas con gente como Venga monjas, Meritxell Naranjo o Esther de Me and the bees, que tal vez alg\u00fan salga a la luz, poco hice.<\/p>\n<p><img loading=\"lazy\" decoding=\"async\" class=\"alignnone size-full wp-image-124\" alt=\"Foto grupal\" src=\"https:\/\/boumanstudios.com\/blog\/wp-content\/uploads\/res2013-2.jpg\" width=\"620\" height=\"379\" srcset=\"https:\/\/boumanstudios.com\/blog\/wp-content\/uploads\/res2013-2.jpg 620w, https:\/\/boumanstudios.com\/blog\/wp-content\/uploads\/res2013-2-150x91.jpg 150w\" sizes=\"auto, (max-width: 620px) 100vw, 620px\" \/><\/p>\n<p><strong>Otros proyectos:<br \/>\n<\/strong>lapeliculade1euro: Un proyecto con buena base ideol\u00f3gica pero que requiere m\u00e1s trabajo y al que espero volver pronto.<br \/>\nproyecto de edici\u00f3n alternativa: tras dar con el nombre perfecto, el resto se desmoron\u00f3 al poco. A\u00fan es posible retomarlo, ya se ver\u00e1.<\/p>\n<p><strong>Bouman Studios<\/strong>\u00a0tuvo su momento de gloria. La plataforma Placa Turca me invit\u00f3 a una conferencia de nuevos creadores donde se proyect\u00f3 algunas piezas.<br \/>\nPor su 15 aniv. tan solo relanc\u00e9 un par de cortos en HD 1080 en YouTube.<\/p>\n<p>Mis apariciones p\u00fablicas se remiten al programa auton\u00f3mico <em>Roda el mon<\/em> con Patricia Mu\u00f1iz hablando de <em>Play Room<\/em> y de cine, en <em>Anima<\/em> (de p\u00fablico de una <a href=\"https:\/\/www.underbrain.com\/teatro\/landryslaundrydeladies\/\" target=\"_blank\">obra teatral<\/a>) y aparici\u00f3n en una foto del libro <em>Typical Spanglish<\/em> de Sergio Mora.<br \/>\nEntrevistas en calidad de editor con <a href=\"https:\/\/www.youtube.com\/watch?v=oTcWBJ2KB8k \" target=\"_blank\">Jaumesclub<\/a>, <a href=\"https:\/\/www.youtube.com\/watch?v=QKa4I_F0MNI\" target=\"_blank\">Pies de gato<\/a>,\u00a0<a href=\"https:\/\/laboratoridelletres.blogspot.com.es\/2013\/06\/entrelletres-underbrain-al-laboratori.html\" target=\"_blank\">Laboratori de lletres<\/a>\u00a0y en <a href=\"https:\/\/elasombrario.com\/los-zahories-de-los-libros\/\" target=\"_blank\">El Asombrario<\/a>.<\/p>\n<p><strong>M\u00fasica<\/strong>: asist\u00ed a pocos conciertos pero todos gratificantes. The Xuscos, Me and the bees, Menzia y <a href=\"https:\/\/www.underbrain.com\/cronicas\/concierto-presentacion-run-with-wolves-de-soledad-velez\/\" target=\"_blank\">Soledad V\u00e9lez<\/a>. Adem\u00e1s de los directos en la fiesta Converse+Vice con Black Lips. Aunque la sorpresa del a\u00f1o ha sido conocer las letras de La bien querida con la cu\u00e1l podr\u00eda definir\u00a0cualquier estado de mi vida de este a\u00f1o con sus canciones (<a href=\"https:\/\/twitter.com\/underbrain\/statuses\/389151934126383104\" target=\"_blank\">como ya observ\u00e9 en twitter<\/a>)<\/p>\n<p>A\u00f1o de retratos: Por alguna extra\u00f1a raz\u00f3n ha sido un a\u00f1o en la que distintos dibujantes me han realizado un retrato.\u00a0Maribel Carod, Fran Fern\u00e1ndez, Jaume Fibla, Danide y Jose Tom\u00e1s.<img loading=\"lazy\" decoding=\"async\" class=\"alignnone size-full wp-image-125\" alt=\"Con Shintaro Kago\" src=\"https:\/\/boumanstudios.com\/blog\/wp-content\/uploads\/res2013-3.jpg\" width=\"620\" height=\"430\" srcset=\"https:\/\/boumanstudios.com\/blog\/wp-content\/uploads\/res2013-3.jpg 620w, https:\/\/boumanstudios.com\/blog\/wp-content\/uploads\/res2013-3-150x104.jpg 150w\" sizes=\"auto, (max-width: 620px) 100vw, 620px\" \/><\/p>\n<p><strong>Pluses:<\/strong> Encuentro con Shintaro Kago y una ilustraci\u00f3n que le encargu\u00e9. A lo largo del a\u00f1o conviv\u00ed con dos personas. Realic\u00e9 un viaje de vacaciones a Formentera, que fue todo lo mal que pudo haber ido, sin embargo es una muestra m\u00e1s de lo que me importaba hacerlo y por qui\u00e9n. No hab\u00eda recursos, pero era algo realizable que con un poco de esfuerzo y sacrificio se consigui\u00f3.<\/p>\n<p><strong>2014<br \/>\n<\/strong>Empiezo el a\u00f1o a tope con Underbrain books, pero con m\u00e1s \u00e9nfasis por cumplir con los compromisos que por creer que ser\u00e1 mejor que lo que le precede. \u00a0Tambi\u00e9n planeo proyecto \u00abaudiovisual\u00bb con underbrain en YouTube&#8230;<\/p>\n<p>Sigo trastocado pero espero sobreponerme m\u00e1s pronto que tarde, aunque lo vea dif\u00edcil por ahora.<\/p>\n<p>Suerte que tengo a Iris.<br \/>\n<img loading=\"lazy\" decoding=\"async\" class=\"alignnone size-full wp-image-126\" alt=\"Con Iris\" src=\"https:\/\/boumanstudios.com\/blog\/wp-content\/uploads\/res2013-1.jpg\" width=\"620\" height=\"430\" srcset=\"https:\/\/boumanstudios.com\/blog\/wp-content\/uploads\/res2013-1.jpg 620w, https:\/\/boumanstudios.com\/blog\/wp-content\/uploads\/res2013-1-150x104.jpg 150w\" sizes=\"auto, (max-width: 620px) 100vw, 620px\" \/><\/p>\n","protected":false},"excerpt":{"rendered":"<p>Un repaso que realizo desde el 2008 y que cada vez me cuesta m\u00e1s, este en especial me ha costado d\u00edas ponerme y sobre todo acabarlo, 2013 ha sido un a\u00f1o complicado en muchos aspectos. Lo empec\u00e9 con energ\u00eda, pens\u00e9&#8230; <a class=\"more-link\" href=\"https:\/\/boumanstudios.com\/blog\/querido-diario\/repaso-del-2013\/\">Seguir leyendo &rarr;<\/a><\/p>\n","protected":false},"author":4,"featured_media":0,"comment_status":"closed","ping_status":"open","sticky":false,"template":"","format":"standard","meta":{"jetpack_post_was_ever_published":false,"_jetpack_newsletter_access":"","_jetpack_dont_email_post_to_subs":false,"_jetpack_newsletter_tier_id":0,"_jetpack_memberships_contains_paywalled_content":false,"_jetpack_memberships_contains_paid_content":false,"footnotes":"","jetpack_publicize_message":"","jetpack_publicize_feature_enabled":true,"jetpack_social_post_already_shared":true,"jetpack_social_options":{"image_generator_settings":{"template":"highway","default_image_id":0,"font":"","enabled":false},"version":2}},"categories":[1],"tags":[32],"class_list":["post-108","post","type-post","status-publish","format-standard","hentry","category-querido-diario","tag-repaso"],"jetpack_publicize_connections":[],"jetpack_featured_media_url":"","jetpack_sharing_enabled":true,"jetpack_shortlink":"https:\/\/wp.me\/p3WAUm-1K","_links":{"self":[{"href":"https:\/\/boumanstudios.com\/blog\/wp-json\/wp\/v2\/posts\/108","targetHints":{"allow":["GET"]}}],"collection":[{"href":"https:\/\/boumanstudios.com\/blog\/wp-json\/wp\/v2\/posts"}],"about":[{"href":"https:\/\/boumanstudios.com\/blog\/wp-json\/wp\/v2\/types\/post"}],"author":[{"embeddable":true,"href":"https:\/\/boumanstudios.com\/blog\/wp-json\/wp\/v2\/users\/4"}],"replies":[{"embeddable":true,"href":"https:\/\/boumanstudios.com\/blog\/wp-json\/wp\/v2\/comments?post=108"}],"version-history":[{"count":9,"href":"https:\/\/boumanstudios.com\/blog\/wp-json\/wp\/v2\/posts\/108\/revisions"}],"predecessor-version":[{"id":173,"href":"https:\/\/boumanstudios.com\/blog\/wp-json\/wp\/v2\/posts\/108\/revisions\/173"}],"wp:attachment":[{"href":"https:\/\/boumanstudios.com\/blog\/wp-json\/wp\/v2\/media?parent=108"}],"wp:term":[{"taxonomy":"category","embeddable":true,"href":"https:\/\/boumanstudios.com\/blog\/wp-json\/wp\/v2\/categories?post=108"},{"taxonomy":"post_tag","embeddable":true,"href":"https:\/\/boumanstudios.com\/blog\/wp-json\/wp\/v2\/tags?post=108"}],"curies":[{"name":"wp","href":"https:\/\/api.w.org\/{rel}","templated":true}]}}