{"id":74,"date":"2013-10-03T01:53:35","date_gmt":"2013-10-02T23:53:35","guid":{"rendered":"https:\/\/boumanstudios.com\/blog\/?p=74"},"modified":"2025-12-26T23:40:43","modified_gmt":"2025-12-26T22:40:43","slug":"proyeccion-en-el-mofa-2013","status":"publish","type":"post","link":"https:\/\/boumanstudios.com\/blog\/cortometrajes\/proyeccion-en-el-mofa-2013\/","title":{"rendered":"Proyecci\u00f3n en el MoFa 2013"},"content":{"rendered":"<p>Hace unas semanas recib\u00ed una llamada en la que me invitaban a proyectar un par de cortometrajes en la\u00a0<strong>VI mostra de cinema del moian\u00e8s<\/strong>.<br \/>\nEl primero era\u00a0<em>Suburbio mental<\/em> (2011)\u00a0y el segundo era a mi propia elecci\u00f3n. Finalmente me inclin\u00e9 por <em>La ma\u00f1ana maldita<\/em> (2008) al saber que era un evento para todas las edades.<\/p>\n<p><img loading=\"lazy\" decoding=\"async\" class=\"alignnone size-full wp-image-75\" alt=\"Cartel de la VI mostra de cinema del moian\u00e8s\" src=\"https:\/\/boumanstudios.com\/blog\/wp-content\/uploads\/mofa2013.jpg\" width=\"620\" height=\"283\" srcset=\"https:\/\/boumanstudios.com\/blog\/wp-content\/uploads\/mofa2013.jpg 620w, https:\/\/boumanstudios.com\/blog\/wp-content\/uploads\/mofa2013-150x68.jpg 150w\" sizes=\"auto, (max-width: 620px) 100vw, 620px\" \/><\/p>\n<p>Ambos cortometrajes juntos a otros de corte fant\u00e1stico se podr\u00e1n ver de forma gratuita este s\u00e1bado 5 de octubre a partir de las 20:00 horas, en el auditorio sant Josep de Moi\u00e0. Y como indican en el cartel, a continuaci\u00f3n se invitar\u00e1n a los presentes a tomar un pica pica gratuito con concierto de Bluestime en el Ateneu La P\u00f3lvora.<\/p>\n<p>Siempre es una alegr\u00eda saber que tus trabajos despiertan inter\u00e9s y m\u00e1s cuando te invitan a mostr\u00e1rselos a m\u00e1s gente.\u00a0Comentar que <em>Suburbio mental<\/em> es mi \u00faltimo cortometraje realizado, el primero que hice \u00edntegramente en imagen real. Por el contrario,\u00a0<em>La ma\u00f1ana maldita<\/em> mezcla imagen real con dibujos animados que realic\u00e9 junto a David Mu\u00f1oz en tres d\u00edas para el Diba Fest en el 2008.<\/p>\n<p><a style=\"color: #7cc576; text-decoration: underline; outline: #000000 none;\" href=\"https:\/\/boumanstudios.com\/blog\/wp-content\/uploads\/Mckeyhan-Photographer-still-photo-SUBURBIO-MENTAL-134.jpg\" rel=\"lightbox[74]\"><img loading=\"lazy\" decoding=\"async\" class=\"alignnone size-medium wp-image-76\" alt=\"Durante el rodaje de Suburbio mental (fotograf\u00eda de McKeyhan)\" src=\"https:\/\/boumanstudios.com\/blog\/wp-content\/uploads\/Mckeyhan-Photographer-still-photo-SUBURBIO-MENTAL-134-620x309.jpg\" width=\"620\" height=\"309\" srcset=\"https:\/\/boumanstudios.com\/blog\/wp-content\/uploads\/Mckeyhan-Photographer-still-photo-SUBURBIO-MENTAL-134-620x309.jpg 620w, https:\/\/boumanstudios.com\/blog\/wp-content\/uploads\/Mckeyhan-Photographer-still-photo-SUBURBIO-MENTAL-134-150x74.jpg 150w, https:\/\/boumanstudios.com\/blog\/wp-content\/uploads\/Mckeyhan-Photographer-still-photo-SUBURBIO-MENTAL-134.jpg 900w\" sizes=\"auto, (max-width: 620px) 100vw, 620px\" \/><\/a><\/p>\n<p>Fotograf\u00eda tomada por <a title=\"Web de fotograf\u00edas realizadas por McKeyhan\" href=\"https:\/\/plus.google.com\/photos\/112497047000703658695\/albums\" target=\"_blank\">McKeyhan<\/a> durante la grabaci\u00f3n de <em>Suburbio mental<\/em> en la plaza de la Virreina all\u00e1 por el caluroso mes de agosto del 2011.<\/p>\n","protected":false},"excerpt":{"rendered":"<p>Hace unas semanas recib\u00ed una llamada en la que me invitaban a proyectar un par de cortometrajes en la\u00a0VI mostra de cinema del moian\u00e8s. El primero era\u00a0Suburbio mental (2011)\u00a0y el segundo era a mi propia elecci\u00f3n. Finalmente me inclin\u00e9 por&#8230; <a class=\"more-link\" href=\"https:\/\/boumanstudios.com\/blog\/cortometrajes\/proyeccion-en-el-mofa-2013\/\">Seguir leyendo &rarr;<\/a><\/p>\n","protected":false},"author":4,"featured_media":0,"comment_status":"closed","ping_status":"open","sticky":false,"template":"","format":"standard","meta":{"jetpack_post_was_ever_published":false,"_jetpack_newsletter_access":"","_jetpack_dont_email_post_to_subs":false,"_jetpack_newsletter_tier_id":0,"_jetpack_memberships_contains_paywalled_content":false,"_jetpack_memberships_contains_paid_content":false,"footnotes":"","jetpack_publicize_message":"","jetpack_publicize_feature_enabled":true,"jetpack_social_post_already_shared":true,"jetpack_social_options":{"image_generator_settings":{"template":"highway","default_image_id":0,"font":"","enabled":false},"version":2}},"categories":[7],"tags":[11,10],"class_list":["post-74","post","type-post","status-publish","format-standard","hentry","category-cortometrajes","tag-la-manana-maldita","tag-suburbio-mental"],"jetpack_publicize_connections":[],"jetpack_featured_media_url":"","jetpack_sharing_enabled":true,"jetpack_shortlink":"https:\/\/wp.me\/p3WAUm-1c","_links":{"self":[{"href":"https:\/\/boumanstudios.com\/blog\/wp-json\/wp\/v2\/posts\/74","targetHints":{"allow":["GET"]}}],"collection":[{"href":"https:\/\/boumanstudios.com\/blog\/wp-json\/wp\/v2\/posts"}],"about":[{"href":"https:\/\/boumanstudios.com\/blog\/wp-json\/wp\/v2\/types\/post"}],"author":[{"embeddable":true,"href":"https:\/\/boumanstudios.com\/blog\/wp-json\/wp\/v2\/users\/4"}],"replies":[{"embeddable":true,"href":"https:\/\/boumanstudios.com\/blog\/wp-json\/wp\/v2\/comments?post=74"}],"version-history":[{"count":4,"href":"https:\/\/boumanstudios.com\/blog\/wp-json\/wp\/v2\/posts\/74\/revisions"}],"predecessor-version":[{"id":80,"href":"https:\/\/boumanstudios.com\/blog\/wp-json\/wp\/v2\/posts\/74\/revisions\/80"}],"wp:attachment":[{"href":"https:\/\/boumanstudios.com\/blog\/wp-json\/wp\/v2\/media?parent=74"}],"wp:term":[{"taxonomy":"category","embeddable":true,"href":"https:\/\/boumanstudios.com\/blog\/wp-json\/wp\/v2\/categories?post=74"},{"taxonomy":"post_tag","embeddable":true,"href":"https:\/\/boumanstudios.com\/blog\/wp-json\/wp\/v2\/tags?post=74"}],"curies":[{"name":"wp","href":"https:\/\/api.w.org\/{rel}","templated":true}]}}